{"id":2267,"date":"2023-02-10T09:31:23","date_gmt":"2023-02-10T08:31:23","guid":{"rendered":"https:\/\/www.kth.se\/blogs\/rektor\/?p=2267"},"modified":"2023-05-02T13:15:39","modified_gmt":"2023-05-02T12:15:39","slug":"bortom-horisonten-i-europa","status":"publish","type":"post","link":"https:\/\/www.kth.se\/blogs\/rektor\/2023\/02\/bortom-horisonten-i-europa\/","title":{"rendered":"Bortom horisonten i Europa\u00a0"},"content":{"rendered":"<div class=\"post-content-wrapper\"><div class=\"lead lead-paragraph\">EU:s nionde ramprogram, Horisont Europa, g\u00e4ller 2021- 2027 och det \u00e4r snart dags f\u00f6r halvtidsutv\u00e4rdering samtidigt som man ocks\u00e5 b\u00f6rjar diskutera det tionde ramprogrammet.<\/div>\n<p><strong>Ramprogram f\u00f6r forskning<\/strong> (och innovation) har funnits inom EU-systemet sedan 1984 och har blivit en allt viktigare k\u00e4lla f\u00f6r finansiering av forskning. I det nuvarande programmet oms\u00e4tts 95 miljarder euro under de sju \u00e5r som programmet l\u00f6per. \u00c4ven om Europa \u00e4r stort s\u00e5 \u00e4r det mycket pengar.<\/p>\n<p><strong>De tre pelarna inom programmet \u00e4r vetenskaplig spetskompetens<\/strong>, globala utmaningar och europeisk konkurrenskraft (till exempel h\u00e4lsa och klimat) samt den tredje pelaren som kallas innovativa Europa. F\u00f6r oss som representerar universiteten finns m\u00e5nga ing\u00e5ngar i alla de olika pelarna som bygger p\u00e5 olika forskningsfr\u00e5gor, partnerskap och finansieringsformer.<\/p>\n<p><strong>Detta blev v\u00e4ldigt tydligt under en tv\u00e5 dagar l\u00e5ng s\u00e9jour i Bryssel<\/strong>.\u00a0 KTH, Karolinska Institutet och Stockholms universitet som tillsammans utg\u00f6r Stockholm trio har inom samarbetet ett gemensamt Brysselkontor . Vi har ocks\u00e5 bland annat ett samarbete inom forskningsst\u00f6d mellan de tre universiteten. Sammantaget kan n\u00e4rvaron i Bryssel och forskningsst\u00f6det vara viktiga resurser f\u00f6r att \u00f6ka framg\u00e5ngarna inom ramprogrammet. Vi har tillsammans redan nu knappt 40 procent av alla medel som via ramprogrammen kommer till Sverige, men inget \u00e4r s\u00e5 bra att det inte kan bli b\u00e4ttre.<\/p>\n<p><strong>Under Bryssel-bes\u00f6ket tr\u00e4ffade vi personer p\u00e5 kommissionen<\/strong> och de m\u00e5nga olika organisationer som arbetar med policyp\u00e5verkan och bevakning, och deltog p\u00e5 Science Business konferens. Jag kan konstatera att de forskningsprofiler som Stockholm trio representerar \u00e4r av st\u00f6rsta intresse i Bryssel. H\u00e5llbar utveckling diskuterades i varje m\u00f6te (!) kopplat till exempelvis digitalisering, h\u00e4lsa, klimat med mera. Det som vi g\u00f6r p\u00e5 KTH och inom Stockholm trio har den st\u00f6rsta relevans ocks\u00e5 f\u00f6r det europeiska politiska systemet.<\/p>\n<p><strong>N\u00e5gra viktiga punkter f\u00f6r framtiden <\/strong>\u00e4r dels att \u00f6ka andelen medel som f\u00f6rdelas via European Research Council (en del av pelaren om vetenskaplig spetskompetens) s\u00e5 att den excellensbed\u00f6mda forskningens utrymme \u00f6kar.<\/p>\n<p><strong>Dels att forts\u00e4tta arbetet med att inkludera l\u00e4nder utanf\u00f6r EU<\/strong> i programmet s\u00e5som till exempel Kanada, Nya Zealand och Sydkorea. Det \u00e4r en viktig signal om att forskningen \u00e4r global till sin karakt\u00e4r. De delar inom ramprogrammet som riktar sig mot speciella samh\u00e4llsutmaningar b\u00f6r ha ett tydligt inslag av forskning s\u00e5 att det \u00e4r m\u00f6jligt att n\u00e5 l\u00f6sningar p\u00e5 de stora fr\u00e5gorna.<\/p>\n<p>&nbsp;<\/p>\n<\/div>","protected":false},"excerpt":{"rendered":"<p>EU:s nionde ramprogram, Horisont Europa, g\u00e4ller 2021- 2027 och det \u00e4r snart dags f\u00f6r halvtidsutv\u00e4rdering samtidigt som man ocks\u00e5 b\u00f6rjar diskutera det tionde ramprogrammet. Ramprogram f\u00f6r forskning (och innovation) har funnits inom EU-systemet sedan 1984 och har blivit en allt viktigare k\u00e4lla f\u00f6r finansiering av forskning. I det nuvarande programmet oms\u00e4tts 95 miljarder euro under [&hellip;]<\/p>\n","protected":false},"author":1383,"featured_media":0,"comment_status":"closed","ping_status":"closed","sticky":false,"template":"","format":"standard","meta":{"inline_featured_image":false,"footnotes":""},"categories":[68],"tags":[],"class_list":["post-2267","post","type-post","status-publish","format-standard","hentry","category-forskning"],"yoast_head":"<!-- This site is optimized with the Yoast SEO plugin v27.4 - https:\/\/yoast.com\/product\/yoast-seo-wordpress\/ -->\n<title>Bortom horisonten i Europa\u00a0 - Rektor Anders S\u00f6derholms blogg<\/title>\n<meta name=\"robots\" content=\"index, follow, max-snippet:-1, max-image-preview:large, max-video-preview:-1\" \/>\n<link rel=\"canonical\" href=\"https:\/\/www.kth.se\/blogs\/rektor\/2023\/02\/bortom-horisonten-i-europa\/\" \/>\n<meta property=\"og:locale\" content=\"sv_SE\" \/>\n<meta property=\"og:type\" content=\"article\" \/>\n<meta property=\"og:title\" content=\"Bortom horisonten i Europa\u00a0 - Rektor Anders S\u00f6derholms blogg\" \/>\n<meta property=\"og:description\" content=\"EU:s nionde ramprogram, Horisont Europa, g\u00e4ller 2021- 2027 och det \u00e4r snart dags f\u00f6r halvtidsutv\u00e4rdering samtidigt som man ocks\u00e5 b\u00f6rjar diskutera det tionde ramprogrammet. Ramprogram f\u00f6r forskning (och innovation) har funnits inom EU-systemet sedan 1984 och har blivit en allt viktigare k\u00e4lla f\u00f6r finansiering av forskning. I det nuvarande programmet oms\u00e4tts 95 miljarder euro under [&hellip;]\" \/>\n<meta property=\"og:url\" content=\"https:\/\/www.kth.se\/blogs\/rektor\/2023\/02\/bortom-horisonten-i-europa\/\" \/>\n<meta property=\"og:site_name\" content=\"Rektor Anders S\u00f6derholms blogg\" \/>\n<meta property=\"article:published_time\" content=\"2023-02-10T08:31:23+00:00\" \/>\n<meta property=\"article:modified_time\" content=\"2023-05-02T12:15:39+00:00\" \/>\n<meta name=\"author\" content=\"Anders S\u00f6derholm\" \/>\n<meta name=\"twitter:card\" content=\"summary_large_image\" \/>\n<meta name=\"twitter:label1\" content=\"Skriven av\" \/>\n\t<meta name=\"twitter:data1\" content=\"Anders S\u00f6derholm\" \/>\n\t<meta name=\"twitter:label2\" content=\"Ber\u00e4knad l\u00e4stid\" \/>\n\t<meta name=\"twitter:data2\" content=\"2 minuter\" \/>\n<script type=\"application\/ld+json\" class=\"yoast-schema-graph\">{\"@context\":\"https:\\\/\\\/schema.org\",\"@graph\":[{\"@type\":\"Article\",\"@id\":\"https:\\\/\\\/www.kth.se\\\/blogs\\\/rektor\\\/2023\\\/02\\\/bortom-horisonten-i-europa\\\/#article\",\"isPartOf\":{\"@id\":\"https:\\\/\\\/www.kth.se\\\/blogs\\\/rektor\\\/2023\\\/02\\\/bortom-horisonten-i-europa\\\/\"},\"author\":{\"name\":\"Anders S\u00f6derholm\",\"@id\":\"https:\\\/\\\/www.kth.se\\\/blogs\\\/rektor\\\/#\\\/schema\\\/person\\\/3e8ee8c4715b98a750213f18a74185db\"},\"headline\":\"Bortom horisonten i Europa\u00a0\",\"datePublished\":\"2023-02-10T08:31:23+00:00\",\"dateModified\":\"2023-05-02T12:15:39+00:00\",\"mainEntityOfPage\":{\"@id\":\"https:\\\/\\\/www.kth.se\\\/blogs\\\/rektor\\\/2023\\\/02\\\/bortom-horisonten-i-europa\\\/\"},\"wordCount\":422,\"articleSection\":[\"Forskning\"],\"inLanguage\":\"sv-SE\"},{\"@type\":\"WebPage\",\"@id\":\"https:\\\/\\\/www.kth.se\\\/blogs\\\/rektor\\\/2023\\\/02\\\/bortom-horisonten-i-europa\\\/\",\"url\":\"https:\\\/\\\/www.kth.se\\\/blogs\\\/rektor\\\/2023\\\/02\\\/bortom-horisonten-i-europa\\\/\",\"name\":\"Bortom horisonten i Europa\u00a0 - Rektor Anders S\u00f6derholms blogg\",\"isPartOf\":{\"@id\":\"https:\\\/\\\/www.kth.se\\\/blogs\\\/rektor\\\/#website\"},\"datePublished\":\"2023-02-10T08:31:23+00:00\",\"dateModified\":\"2023-05-02T12:15:39+00:00\",\"author\":{\"@id\":\"https:\\\/\\\/www.kth.se\\\/blogs\\\/rektor\\\/#\\\/schema\\\/person\\\/3e8ee8c4715b98a750213f18a74185db\"},\"breadcrumb\":{\"@id\":\"https:\\\/\\\/www.kth.se\\\/blogs\\\/rektor\\\/2023\\\/02\\\/bortom-horisonten-i-europa\\\/#breadcrumb\"},\"inLanguage\":\"sv-SE\",\"potentialAction\":[{\"@type\":\"ReadAction\",\"target\":[\"https:\\\/\\\/www.kth.se\\\/blogs\\\/rektor\\\/2023\\\/02\\\/bortom-horisonten-i-europa\\\/\"]}]},{\"@type\":\"BreadcrumbList\",\"@id\":\"https:\\\/\\\/www.kth.se\\\/blogs\\\/rektor\\\/2023\\\/02\\\/bortom-horisonten-i-europa\\\/#breadcrumb\",\"itemListElement\":[{\"@type\":\"ListItem\",\"position\":1,\"name\":\"Hem\",\"item\":\"https:\\\/\\\/www.kth.se\\\/blogs\\\/rektor\\\/\"},{\"@type\":\"ListItem\",\"position\":2,\"name\":\"Bortom horisonten i Europa\u00a0\"}]},{\"@type\":\"WebSite\",\"@id\":\"https:\\\/\\\/www.kth.se\\\/blogs\\\/rektor\\\/#website\",\"url\":\"https:\\\/\\\/www.kth.se\\\/blogs\\\/rektor\\\/\",\"name\":\"Rektor Anders S\u00f6derholms blogg\",\"description\":\"\",\"potentialAction\":[{\"@type\":\"SearchAction\",\"target\":{\"@type\":\"EntryPoint\",\"urlTemplate\":\"https:\\\/\\\/www.kth.se\\\/blogs\\\/rektor\\\/?s={search_term_string}\"},\"query-input\":{\"@type\":\"PropertyValueSpecification\",\"valueRequired\":true,\"valueName\":\"search_term_string\"}}],\"inLanguage\":\"sv-SE\"},{\"@type\":\"Person\",\"@id\":\"https:\\\/\\\/www.kth.se\\\/blogs\\\/rektor\\\/#\\\/schema\\\/person\\\/3e8ee8c4715b98a750213f18a74185db\",\"name\":\"Anders S\u00f6derholm\",\"url\":\"https:\\\/\\\/www.kth.se\\\/blogs\\\/rektor\\\/author\\\/soderhol\\\/\"}]}<\/script>\n<!-- \/ Yoast SEO plugin. -->","yoast_head_json":{"title":"Bortom horisonten i Europa\u00a0 - Rektor Anders S\u00f6derholms blogg","robots":{"index":"index","follow":"follow","max-snippet":"max-snippet:-1","max-image-preview":"max-image-preview:large","max-video-preview":"max-video-preview:-1"},"canonical":"https:\/\/www.kth.se\/blogs\/rektor\/2023\/02\/bortom-horisonten-i-europa\/","og_locale":"sv_SE","og_type":"article","og_title":"Bortom horisonten i Europa\u00a0 - Rektor Anders S\u00f6derholms blogg","og_description":"EU:s nionde ramprogram, Horisont Europa, g\u00e4ller 2021- 2027 och det \u00e4r snart dags f\u00f6r halvtidsutv\u00e4rdering samtidigt som man ocks\u00e5 b\u00f6rjar diskutera det tionde ramprogrammet. Ramprogram f\u00f6r forskning (och innovation) har funnits inom EU-systemet sedan 1984 och har blivit en allt viktigare k\u00e4lla f\u00f6r finansiering av forskning. I det nuvarande programmet oms\u00e4tts 95 miljarder euro under [&hellip;]","og_url":"https:\/\/www.kth.se\/blogs\/rektor\/2023\/02\/bortom-horisonten-i-europa\/","og_site_name":"Rektor Anders S\u00f6derholms blogg","article_published_time":"2023-02-10T08:31:23+00:00","article_modified_time":"2023-05-02T12:15:39+00:00","author":"Anders S\u00f6derholm","twitter_card":"summary_large_image","twitter_misc":{"Skriven av":"Anders S\u00f6derholm","Ber\u00e4knad l\u00e4stid":"2 minuter"},"schema":{"@context":"https:\/\/schema.org","@graph":[{"@type":"Article","@id":"https:\/\/www.kth.se\/blogs\/rektor\/2023\/02\/bortom-horisonten-i-europa\/#article","isPartOf":{"@id":"https:\/\/www.kth.se\/blogs\/rektor\/2023\/02\/bortom-horisonten-i-europa\/"},"author":{"name":"Anders S\u00f6derholm","@id":"https:\/\/www.kth.se\/blogs\/rektor\/#\/schema\/person\/3e8ee8c4715b98a750213f18a74185db"},"headline":"Bortom horisonten i Europa\u00a0","datePublished":"2023-02-10T08:31:23+00:00","dateModified":"2023-05-02T12:15:39+00:00","mainEntityOfPage":{"@id":"https:\/\/www.kth.se\/blogs\/rektor\/2023\/02\/bortom-horisonten-i-europa\/"},"wordCount":422,"articleSection":["Forskning"],"inLanguage":"sv-SE"},{"@type":"WebPage","@id":"https:\/\/www.kth.se\/blogs\/rektor\/2023\/02\/bortom-horisonten-i-europa\/","url":"https:\/\/www.kth.se\/blogs\/rektor\/2023\/02\/bortom-horisonten-i-europa\/","name":"Bortom horisonten i Europa\u00a0 - Rektor Anders S\u00f6derholms blogg","isPartOf":{"@id":"https:\/\/www.kth.se\/blogs\/rektor\/#website"},"datePublished":"2023-02-10T08:31:23+00:00","dateModified":"2023-05-02T12:15:39+00:00","author":{"@id":"https:\/\/www.kth.se\/blogs\/rektor\/#\/schema\/person\/3e8ee8c4715b98a750213f18a74185db"},"breadcrumb":{"@id":"https:\/\/www.kth.se\/blogs\/rektor\/2023\/02\/bortom-horisonten-i-europa\/#breadcrumb"},"inLanguage":"sv-SE","potentialAction":[{"@type":"ReadAction","target":["https:\/\/www.kth.se\/blogs\/rektor\/2023\/02\/bortom-horisonten-i-europa\/"]}]},{"@type":"BreadcrumbList","@id":"https:\/\/www.kth.se\/blogs\/rektor\/2023\/02\/bortom-horisonten-i-europa\/#breadcrumb","itemListElement":[{"@type":"ListItem","position":1,"name":"Hem","item":"https:\/\/www.kth.se\/blogs\/rektor\/"},{"@type":"ListItem","position":2,"name":"Bortom horisonten i Europa\u00a0"}]},{"@type":"WebSite","@id":"https:\/\/www.kth.se\/blogs\/rektor\/#website","url":"https:\/\/www.kth.se\/blogs\/rektor\/","name":"Rektor Anders S\u00f6derholms blogg","description":"","potentialAction":[{"@type":"SearchAction","target":{"@type":"EntryPoint","urlTemplate":"https:\/\/www.kth.se\/blogs\/rektor\/?s={search_term_string}"},"query-input":{"@type":"PropertyValueSpecification","valueRequired":true,"valueName":"search_term_string"}}],"inLanguage":"sv-SE"},{"@type":"Person","@id":"https:\/\/www.kth.se\/blogs\/rektor\/#\/schema\/person\/3e8ee8c4715b98a750213f18a74185db","name":"Anders S\u00f6derholm","url":"https:\/\/www.kth.se\/blogs\/rektor\/author\/soderhol\/"}]}},"jetpack_sharing_enabled":true,"jetpack_shortlink":"https:\/\/wp.me\/p5kmxl-Az","jetpack_featured_media_url":"","post_mailing_queue_ids":[],"_links":{"self":[{"href":"https:\/\/www.kth.se\/blogs\/rektor\/wp-json\/wp\/v2\/posts\/2267","targetHints":{"allow":["GET"]}}],"collection":[{"href":"https:\/\/www.kth.se\/blogs\/rektor\/wp-json\/wp\/v2\/posts"}],"about":[{"href":"https:\/\/www.kth.se\/blogs\/rektor\/wp-json\/wp\/v2\/types\/post"}],"author":[{"embeddable":true,"href":"https:\/\/www.kth.se\/blogs\/rektor\/wp-json\/wp\/v2\/users\/1383"}],"replies":[{"embeddable":true,"href":"https:\/\/www.kth.se\/blogs\/rektor\/wp-json\/wp\/v2\/comments?post=2267"}],"version-history":[{"count":1,"href":"https:\/\/www.kth.se\/blogs\/rektor\/wp-json\/wp\/v2\/posts\/2267\/revisions"}],"predecessor-version":[{"id":2268,"href":"https:\/\/www.kth.se\/blogs\/rektor\/wp-json\/wp\/v2\/posts\/2267\/revisions\/2268"}],"wp:attachment":[{"href":"https:\/\/www.kth.se\/blogs\/rektor\/wp-json\/wp\/v2\/media?parent=2267"}],"wp:term":[{"taxonomy":"category","embeddable":true,"href":"https:\/\/www.kth.se\/blogs\/rektor\/wp-json\/wp\/v2\/categories?post=2267"},{"taxonomy":"post_tag","embeddable":true,"href":"https:\/\/www.kth.se\/blogs\/rektor\/wp-json\/wp\/v2\/tags?post=2267"}],"curies":[{"name":"wp","href":"https:\/\/api.w.org\/{rel}","templated":true}]}}